{"id":779,"date":"2023-03-21T12:43:54","date_gmt":"2023-03-21T11:43:54","guid":{"rendered":"https:\/\/www.premiostrega.it\/PO\/?p=779"},"modified":"2024-03-01T11:22:26","modified_gmt":"2024-03-01T10:22:26","slug":"i-titoli-proposti-per-la-prima-edizione-del-premio-strega-poesia","status":"publish","type":"post","link":"https:\/\/www.premiostrega.it\/PO\/2023\/03\/21\/i-titoli-proposti-per-la-prima-edizione-del-premio-strega-poesia\/","title":{"rendered":"I titoli proposti per la prima edizione"},"content":{"rendered":"\t\t<div data-elementor-type=\"wp-post\" data-elementor-id=\"779\" class=\"elementor elementor-779\" data-elementor-post-type=\"post\">\n\t\t\t\t\t\t<section class=\"elementor-section elementor-top-section elementor-element elementor-element-593246fc elementor-section-boxed elementor-section-height-default elementor-section-height-default\" data-id=\"593246fc\" data-element_type=\"section\" data-e-type=\"section\">\n\t\t\t\t\t\t<div class=\"elementor-container elementor-column-gap-default\">\n\t\t\t\t\t<div class=\"elementor-column elementor-col-100 elementor-top-column elementor-element elementor-element-7a1e58a\" data-id=\"7a1e58a\" data-element_type=\"column\" data-e-type=\"column\">\n\t\t\t<div class=\"elementor-widget-wrap elementor-element-populated\">\n\t\t\t\t\t\t<div class=\"elementor-element elementor-element-f064d7c gallery-spacing-custom elementor-widget elementor-widget-image-gallery\" data-id=\"f064d7c\" data-element_type=\"widget\" data-e-type=\"widget\" data-widget_type=\"image-gallery.default\">\n\t\t\t\t<div class=\"elementor-widget-container\">\n\t\t\t\t\t\t\t<div class=\"elementor-image-gallery\">\n\t\t\t<div id='gallery-1' class='gallery galleryid-779 gallery-columns-2 gallery-size-medium_large'><figure class='gallery-item'>\n\t\t\t<div class='gallery-icon landscape'>\n\t\t\t\t<a data-elementor-open-lightbox=\"yes\" data-elementor-lightbox-slideshow=\"f064d7c\" data-elementor-lightbox-description=\"\u00a9 Musacchio, Ianniello, Pasqualini &amp; Fucilla\" data-e-action-hash=\"#elementor-action%3Aaction%3Dlightbox%26settings%3DeyJpZCI6Nzg4LCJ1cmwiOiJodHRwczpcL1wvd3d3LnByZW1pb3N0cmVnYS5pdFwvUE9cL3dwLWNvbnRlbnRcL3VwbG9hZHNcLzIwMjNcLzAzXC80WjFBNDExNy0xLmpwZyIsInNsaWRlc2hvdyI6ImYwNjRkN2MifQ%3D%3D\" href='https:\/\/www.premiostrega.it\/PO\/wp-content\/uploads\/2023\/03\/4Z1A4117-1.jpg'><img fetchpriority=\"high\" width=\"768\" height=\"512\" src=\"https:\/\/www.premiostrega.it\/PO\/wp-content\/uploads\/2023\/03\/4Z1A4117-1-768x512.jpg\" class=\"attachment-medium_large size-medium_large\" alt=\"\" aria-describedby=\"gallery-1-788\" decoding=\"async\" srcset=\"https:\/\/www.premiostrega.it\/PO\/wp-content\/uploads\/2023\/03\/4Z1A4117-1-768x512.jpg 768w, https:\/\/www.premiostrega.it\/PO\/wp-content\/uploads\/2023\/03\/4Z1A4117-1-300x200.jpg 300w, https:\/\/www.premiostrega.it\/PO\/wp-content\/uploads\/2023\/03\/4Z1A4117-1-1024x683.jpg 1024w, https:\/\/www.premiostrega.it\/PO\/wp-content\/uploads\/2023\/03\/4Z1A4117-1-1536x1024.jpg 1536w, https:\/\/www.premiostrega.it\/PO\/wp-content\/uploads\/2023\/03\/4Z1A4117-1.jpg 1620w\" sizes=\"(max-width: 768px) 100vw, 768px\" \/><\/a>\n\t\t\t<\/div>\n\t\t\t\t<figcaption class='wp-caption-text gallery-caption' id='gallery-1-788'>\n\t\t\t\t\u00a9 Musacchio, Ianniello, Pasqualini &#038; Fucilla\n\t\t\t\t<\/figcaption><\/figure><figure class='gallery-item'>\n\t\t\t<div class='gallery-icon landscape'>\n\t\t\t\t<a data-elementor-open-lightbox=\"yes\" data-elementor-lightbox-slideshow=\"f064d7c\" data-elementor-lightbox-description=\"\u00a9 Musacchio, Ianniello, Pasqualini &amp; Fucilla\" data-e-action-hash=\"#elementor-action%3Aaction%3Dlightbox%26settings%3DeyJpZCI6Nzg5LCJ1cmwiOiJodHRwczpcL1wvd3d3LnByZW1pb3N0cmVnYS5pdFwvUE9cL3dwLWNvbnRlbnRcL3VwbG9hZHNcLzIwMjNcLzAzXC80WjFBNDI1Mi5qcGciLCJzbGlkZXNob3ciOiJmMDY0ZDdjIn0%3D\" href='https:\/\/www.premiostrega.it\/PO\/wp-content\/uploads\/2023\/03\/4Z1A4252.jpg'><img width=\"768\" height=\"512\" src=\"https:\/\/www.premiostrega.it\/PO\/wp-content\/uploads\/2023\/03\/4Z1A4252-768x512.jpg\" class=\"attachment-medium_large size-medium_large\" alt=\"\" aria-describedby=\"gallery-1-789\" decoding=\"async\" srcset=\"https:\/\/www.premiostrega.it\/PO\/wp-content\/uploads\/2023\/03\/4Z1A4252-768x512.jpg 768w, https:\/\/www.premiostrega.it\/PO\/wp-content\/uploads\/2023\/03\/4Z1A4252-300x200.jpg 300w, https:\/\/www.premiostrega.it\/PO\/wp-content\/uploads\/2023\/03\/4Z1A4252-1024x683.jpg 1024w, https:\/\/www.premiostrega.it\/PO\/wp-content\/uploads\/2023\/03\/4Z1A4252-1536x1024.jpg 1536w, https:\/\/www.premiostrega.it\/PO\/wp-content\/uploads\/2023\/03\/4Z1A4252.jpg 1620w\" sizes=\"(max-width: 768px) 100vw, 768px\" \/><\/a>\n\t\t\t<\/div>\n\t\t\t\t<figcaption class='wp-caption-text gallery-caption' id='gallery-1-789'>\n\t\t\t\t\u00a9 Musacchio, Ianniello, Pasqualini &#038; Fucilla\n\t\t\t\t<\/figcaption><\/figure><figure class='gallery-item'>\n\t\t\t<div class='gallery-icon landscape'>\n\t\t\t\t<a data-elementor-open-lightbox=\"yes\" data-elementor-lightbox-slideshow=\"f064d7c\" data-elementor-lightbox-description=\"\u00a9 Musacchio, Ianniello, Pasqualini &amp; Fucilla\" data-e-action-hash=\"#elementor-action%3Aaction%3Dlightbox%26settings%3DeyJpZCI6NzkwLCJ1cmwiOiJodHRwczpcL1wvd3d3LnByZW1pb3N0cmVnYS5pdFwvUE9cL3dwLWNvbnRlbnRcL3VwbG9hZHNcLzIwMjNcLzAzXC80WjFBNDcxMi5qcGciLCJzbGlkZXNob3ciOiJmMDY0ZDdjIn0%3D\" href='https:\/\/www.premiostrega.it\/PO\/wp-content\/uploads\/2023\/03\/4Z1A4712.jpg'><img width=\"768\" height=\"512\" src=\"https:\/\/www.premiostrega.it\/PO\/wp-content\/uploads\/2023\/03\/4Z1A4712-768x512.jpg\" class=\"attachment-medium_large size-medium_large\" alt=\"\" aria-describedby=\"gallery-1-790\" decoding=\"async\" srcset=\"https:\/\/www.premiostrega.it\/PO\/wp-content\/uploads\/2023\/03\/4Z1A4712-768x512.jpg 768w, https:\/\/www.premiostrega.it\/PO\/wp-content\/uploads\/2023\/03\/4Z1A4712-300x200.jpg 300w, https:\/\/www.premiostrega.it\/PO\/wp-content\/uploads\/2023\/03\/4Z1A4712-1024x683.jpg 1024w, https:\/\/www.premiostrega.it\/PO\/wp-content\/uploads\/2023\/03\/4Z1A4712-1536x1024.jpg 1536w, https:\/\/www.premiostrega.it\/PO\/wp-content\/uploads\/2023\/03\/4Z1A4712.jpg 1620w\" sizes=\"(max-width: 768px) 100vw, 768px\" \/><\/a>\n\t\t\t<\/div>\n\t\t\t\t<figcaption class='wp-caption-text gallery-caption' id='gallery-1-790'>\n\t\t\t\t\u00a9 Musacchio, Ianniello, Pasqualini &#038; Fucilla\n\t\t\t\t<\/figcaption><\/figure><figure class='gallery-item'>\n\t\t\t<div class='gallery-icon portrait'>\n\t\t\t\t<a data-elementor-open-lightbox=\"yes\" data-elementor-lightbox-slideshow=\"f064d7c\" data-elementor-lightbox-description=\"\u00a9 Musacchio, Ianniello, Pasqualini &amp; Fucilla\" data-e-action-hash=\"#elementor-action%3Aaction%3Dlightbox%26settings%3DeyJpZCI6NzkxLCJ1cmwiOiJodHRwczpcL1wvd3d3LnByZW1pb3N0cmVnYS5pdFwvUE9cL3dwLWNvbnRlbnRcL3VwbG9hZHNcLzIwMjNcLzAzXC80WjFBNDczOC5qcGciLCJzbGlkZXNob3ciOiJmMDY0ZDdjIn0%3D\" href='https:\/\/www.premiostrega.it\/PO\/wp-content\/uploads\/2023\/03\/4Z1A4738.jpg'><img loading=\"lazy\" width=\"768\" height=\"1152\" src=\"https:\/\/www.premiostrega.it\/PO\/wp-content\/uploads\/2023\/03\/4Z1A4738-768x1152.jpg\" class=\"attachment-medium_large size-medium_large\" alt=\"\" aria-describedby=\"gallery-1-791\" decoding=\"async\" srcset=\"https:\/\/www.premiostrega.it\/PO\/wp-content\/uploads\/2023\/03\/4Z1A4738-768x1152.jpg 768w, https:\/\/www.premiostrega.it\/PO\/wp-content\/uploads\/2023\/03\/4Z1A4738-200x300.jpg 200w, https:\/\/www.premiostrega.it\/PO\/wp-content\/uploads\/2023\/03\/4Z1A4738-683x1024.jpg 683w, https:\/\/www.premiostrega.it\/PO\/wp-content\/uploads\/2023\/03\/4Z1A4738-1024x1536.jpg 1024w, https:\/\/www.premiostrega.it\/PO\/wp-content\/uploads\/2023\/03\/4Z1A4738.jpg 1080w\" sizes=\"(max-width: 768px) 100vw, 768px\" \/><\/a>\n\t\t\t<\/div>\n\t\t\t\t<figcaption class='wp-caption-text gallery-caption' id='gallery-1-791'>\n\t\t\t\t\u00a9 Musacchio, Ianniello, Pasqualini &#038; Fucilla\n\t\t\t\t<\/figcaption><\/figure>\n\t\t<\/div>\n\t\t<\/div>\n\t\t\t\t\t\t<\/div>\n\t\t\t\t<\/div>\n\t\t\t\t<div class=\"elementor-element elementor-element-21e5fe99 elementor-widget elementor-widget-text-editor\" data-id=\"21e5fe99\" data-element_type=\"widget\" data-e-type=\"widget\" data-widget_type=\"text-editor.default\">\n\t\t\t\t<div class=\"elementor-widget-container\">\n\t\t\t\t\t\t\t\t\t<p>Nella sede della Fondazione Bellonci sono stati resi noti, alla presenza del Comitato scientifico, i libri proposti per la <strong>prima edizione<\/strong> del <strong>Premio Strega Poesia<\/strong>. Per celebrare la Giornata mondiale della Poesia, al termine dell\u2019annuncio <strong>Sergio Rubini<\/strong> ha letto una selezione di versi di autrici e autori del Novecento e contemporanei ispirati all\u2019inizio della primavera e alla rima fiore\/amore, \u00abla pi\u00f9 antica, difficile del mondo\u00bb (Umberto Saba). Durante la lettura l\u2019illustratore <strong>Alessandro Sanna<\/strong> si \u00e8 esibito in un live painting.<\/p>\n<p>Il <strong>Premio Strega Poesia <\/strong>nasce per dare visibilit\u00e0 alle diverse esperienze di scrittura poetica, che meritano tutte ascolto e rappresentazione, segnalando la produzione italiana di pi\u00f9 alta qualit\u00e0 letteraria e significato nel mondo contemporaneo. La scrittura in versi \u00e8 in un momento di grande vivacit\u00e0 e fermento come dimostrano alcune recenti raccolte poetiche diventate long-seller, il moltiplicarsi di reading e spettacoli di <em>poetry slam<\/em> e la nascita e il rinnovamento di collane dedicate. I social network, infine, sono diventati un vasto terreno di condivisione che genera veri e propri casi letterari, seguiti anche dal pubblico pi\u00f9\u0300 giovane.<\/p>\n<p>Concorrono alla prima edizione <strong>135<\/strong> <strong>libri<\/strong>, tutti pubblicati tra gennaio 2022 e febbraio 2023. Alla scadenza del 28 febbraio scorso, gli editori hanno proposto <strong>120<\/strong> <strong>titoli<\/strong>, uno per ogni editore, ai quali si sono aggiunti <strong>15 titoli <\/strong>ulteriori richiesti dal Comitato scientifico, composto da <strong>Maria Grazia Calandrone<\/strong>,<strong> Andrea Cortellessa<\/strong>,<strong> Mario Desiati<\/strong>,<strong> Elisa Donzelli<\/strong>,<strong> Roberto Galaverni<\/strong>,<strong> Valerio Magrelli<\/strong>,<strong> Melania Mazzucco<\/strong>,<strong> Stefano Petrocchi<\/strong>,<strong> Laura Pugno<\/strong>,<strong> Antonio Riccardi<\/strong>,<strong> Enrico Testa <\/strong>e<strong> Gian Mario Villalta<\/strong>.<\/p>\n<p>Spetta ora al Comitato scegliere i cinque libri finalisti, che saranno annunciati il <strong>19 maggio<\/strong> al <strong>Salone del libro di Torino<\/strong>. Alla fine del mese di aprile verr\u00e0 resa nota una prima rosa di titoli che accedono alla selezione della cinquina. Un\u2019ampia giuria composta da personalit\u00e0 della cultura determiner\u00e0 quindi l\u2019opera vincitrice. Il premio verr\u00e0 assegnato il prossimo <strong>5 ottobre<\/strong>, a Roma, presso il<strong> Tempio di Venere e Roma&nbsp;<\/strong>all\u2019interno del<strong> Parco archeologico del Colosseo<\/strong>.<\/p>\n<p>La cinquina sar\u00e0 ospite in diverse localit\u00e0 italiane particolarmente attive sul territorio nella promozione della lettura. Queste le tappe: <strong>27 maggio<\/strong>, <em>38\u00b0 parallelo<\/em>,&nbsp;Marsala; <strong>3 giugno<\/strong>, <em>Cervo Ti Strega<\/em>, Cervo; <strong>14 luglio<\/strong>, Museo MAXXI,&nbsp;L\u2019Aquila; <strong>13\/17 settembre<\/strong> <em>Pordenonelegge<\/em>, Pordenone.<\/p>\n<p>Il <strong>Premio Strega Poesia <\/strong>\u00e8 promosso da <strong>Fondazione Maria e Goffredo Bellonci <\/strong>e <strong>Strega Alberti Benevento<\/strong>, in collaborazione con <strong>BPER Banca <\/strong>e il <strong>Parco archeologico del Colosseo, <\/strong>media partner <em>Maremosso<\/em>, sponsor tecnico<strong> IBS.it<\/strong>.<\/p>\n<h5>I titoli della prima edizione<\/h5>\n<ol>\n<li><b>Fabiano Alborghetti<\/b>, <i>Corpuscoli di Krause<\/i>, GCE<\/li>\n<li><b>Antonio Alleva<\/b>, <i>Cronache di fine occidente \u2013 La collina del Dingh<\/i>, Puntoacapo<\/li>\n<li><b>Cristina Alziati<\/b>, <i>Quarantanove poesie e altri <\/i>disturbi, Marcos y Marcos<\/li>\n<li><b>Giambattista Anastasio<\/b>, <i>Tutto \u00e8 incontro<\/i>, La Gru<\/li>\n<li><b>Marzia Badaloni<\/b>, <i>Sacchi di sale marino<\/i>, L\u2019inedito<\/li>\n<li><b>Francesco Basso<\/b>, <i>Poesie di domani<\/i>, L\u2019Eco della Riviera<\/li>\n<li><b>Matteo Belgio Belgiovane<\/b>, <i>L\u2019arte della prospettiva<\/i>, Edizioni WE<\/li>\n<li><b>Amato Maria Bernabei<\/b>, <i>Nel segno che l\u2019artefice ha pensato<\/i>, Valentina Editrice<\/li>\n<li><b>Vinicio Bernardi<\/b>, <i>Cammin facendo<\/i>, Macchione Editore<\/li>\n<li><b>Lelio Bonaccorso<\/b>, <i>Fiori di vento<\/i>, Smasher<\/li>\n<li><b>Maria Concetta Borgese<\/b>, <i>E nulla \u00e8 pi\u00f9<\/i>, La Notizia<\/li>\n<li><b>Silvia Bre<\/b>, <i>Le campane<\/i>, Einaudi<\/li>\n<li><b>Imperatrice Bruno<\/b>, <i>Volont\u00e0 nobili<\/i>, Nulla Die<\/li>\n<li><b>Sandro Buoro<\/b>, <i>La pietra sul tempo<\/i>, Latorre<\/li>\n<li><b>Marcello Buttazzo<\/b>, <i>Fra le pieghe del rosso<\/i>, I quaderni del Bardo<\/li>\n<li><b>Antonio Bux<\/b>, <i>Gemello falso<\/i>, Avagliano<\/li>\n<li><b>Ferdinando Camon<\/b>, <i>Son tornate le volpi. Come muore la nostra civilt\u00e0<\/i>, Apogeo Editore<\/li>\n<li><b>Annunziata Candia, <\/b><i>Fragmenta<\/i>, Di Carlo Edizioni<\/li>\n<li><b>Francesco Canfora<\/b>, <i>Luci nel cammino dei giorni<\/i>, Armando Editore<\/li>\n<li><b>Giovanni Canino<\/b>, <i>Pensieri chiusi in stanze. Quartine con terzine in quarantena in quaranta sonetti e raccolta dei migliori insuccessi<\/i>, Noion editrice<\/li>\n<li><b>Alessandro Carrera<\/b>, <i>Il tempo dei morti. Mistero di voci<\/i>, Moretti &amp; Vitali<\/li>\n<li><b>Guido Caserza<\/b>, <i>Canto dei morti sul lavoro<\/i>, Zona<\/li>\n<li><b>Marco Morgan Castoldi<\/b>, <i>Parole d\u2019aMorgan<\/i>, Baldini + Castoldi<\/li>\n<li><b>Roberta Castoldi<\/b>, <i>La formula dell\u2019orizzonte<\/i>, AnimaMundi edizioni<\/li>\n<li><b>Franco Ciarelli<\/b>, <i>Tutti hanno un sogno<\/i>, Nuova Gutemberg<\/li>\n<li><b>Laura Cingolani<\/b>, <i>Fare lo spazio<\/i>, Campanotto<\/li>\n<li><b>Sheila Concari<\/b>, <i>Medusa suite &amp; PerseuSuite<\/i>, Editions Mincione<\/li>\n<li><b>Franco Costantini<\/b>, <i>L\u2019isola scura<\/i>, Vydia Editore<\/li>\n<li><b>Alessandra Cotoloni<\/b>, <i>Trame itineranti<\/i>, Dragorosso Editore<\/li>\n<li><b>Salvatore Cucinotta<\/b>,<i> \u00c9tiennette. Liberi pensieri<\/i>, La Rosa nel Pozzo<\/li>\n<li><b>Vittorino Curci<\/b>, <i>Cadenze per la fine del tempo<\/i>, Musicaos<\/li>\n<li><b>Giuseppe Cuschera<\/b>, <i>Fogli come foglie<\/i>, ALE<\/li>\n<li><b>Claudio Damiani<\/b>, <i>Prima di nascere<\/i>, Fazi<\/li>\n<li><b>Diletta D\u2019Angelo<\/b>, <i>Defrost<\/i>, Interno Poesia Editore<\/li>\n<li><b>Anna D\u2019Auria<\/b>, <i>I colori di Kiev. Poesia in trincea<\/i>, Officine Culturali Romane<\/li>\n<li><b>Stefano Decima<\/b>, <i>Le ombre di Periandro<\/i>, Porto Seguro<\/li>\n<li><b>Lucrezia De Lellis<\/b>, <i>Incandescente<\/i>, Eretica<\/li>\n<li><b>Eugenio De Signoribus<\/b>, <i>Nel villaggio oscuro. Poetica e poesia<\/i>, Manni<\/li>\n<li><b>Mario De Vecchis<\/b>, <i>Il profumo del sole nel buio<\/i>, Planet Book<\/li>\n<li><b>Francesca Del Moro<\/b>, <i>Ex madre<\/i>, Arcipelago Itaca<\/li>\n<li><b>Gabriel Del Sarto<\/b>, <i>Sonetti bianchi<\/i>, L\u2019Arcolaio<\/li>\n<li><b>Antonello Di Carlo<\/b>, <i>Amo ergo sum<\/i>, Rupe Mutevole<\/li>\n<li><b>Tommaso Di Dio<\/b>, <i>Nove lame azzurre fiammeggianti nel tempo<\/i>, Scalpendi<\/li>\n<li><b>Chiara Domeniconi<\/b>, <i>Mani in extasy. In mendacio veritatis. In errore legis<\/i>, SBS Edizioni<\/li>\n<li><b>Stanislao Donadio<\/b>, <i>Alla radice impura<\/i>, Apollo Edizioni<\/li>\n<li><b>Paolo Donini<\/b>, <i>Tutto \u00e8 bello<\/i>, LietoColle<\/li>\n<li><b>Anna Maria Farabbi<\/b>, <i>La via del poco<\/i>,<i> <\/i>Al3vie<\/li>\n<li><b>Diego Farfanelli<\/b>, <i>Canti dalla terra<\/i>, Glu<\/li>\n<li><b>Paolo Febbraro<\/b>, <i>Come sempre. Scelte di poesie 1992-2002<\/i>, Elliot<\/li>\n<li><b>Umberto Fiori<\/b>, <i>Autoritratto automatico<\/i>, Garzanti<\/li>\n<li><b>Daniela Fontana<\/b>, <i>Misticamente al ventre sospesa<\/i>, Edita Casa Editrice &amp; Libraria<\/li>\n<li><b>Ciro Formisano<\/b>, <i>L\u2019etereo istante<\/i>, Graus Edizioni<\/li>\n<li><b>Gabriele Frasca<\/b>, <i>Lettere a Valentinov<\/i>, Luca Sossella Editore<\/li>\n<li><b>Florinda Fusco<\/b>, <i>Il compleanno e altre opere<\/i>, Argolibri<\/li>\n<li><b>Adelio Fus\u00e9<\/b>, <i>Mosaico del viandante<\/i>, Book Editore<\/li>\n<li><b>Chiara Galassi<\/b>, <i>Se non come<\/i>, Besa<\/li>\n<li><b>Francesco Gallina<\/b>, <i>Medicinalia<\/i>, Marco Saya<\/li>\n<li><b>Bruno Galluccio<\/b>, <i>Camera sul vuoto<\/i>, Einaudi<\/li>\n<li><b>Aimara Garlaschelli<\/b>, <i>Nel nome della madre<\/i>, Einaudi<\/li>\n<li><b>Francesca Genti<\/b>, <i>La ballata di Nina Simone<\/i>, HarperCollins Italia<\/li>\n<li><b>Massimo Gezzi<\/b>, <i>Sempre mondo<\/i>, Marcos y Marcos<\/li>\n<li><b>Andrea Gibellini<\/b>, <i>Planetario e altre osservazioni<\/i>, Marcos y Marcos<\/li>\n<li><b>Maurizio Gimigliano<\/b>, <i>Alma<\/i>, Grafich\u00e9ditore<\/li>\n<li><b>Barbara Giuliani<\/b>, <i>Bianca<\/i>, Neo Edizioni<\/li>\n<li><b>Gianpiero Grasso<\/b>, <i>A un passo dalla vita<\/i>, Editrice GDS<\/li>\n<li><b>Paolo Grugni<\/b>, <i>Pianura pagana<\/i>, Laurana Editore<\/li>\n<li><b>Paolo Fabrizio Iacuzzi<\/b>, <i>Peste e guerra. La poesia non salver\u00e0 la vita<\/i>, Interno Poesia Editore<\/li>\n<li><b>Alessandra Iannotta<\/b>, <i>Come panni al vento<\/i>, Gruppo CTL Editore<\/li>\n<li><b>Federico Italiano<\/b>, <i>La grande nevicata<\/i>, Donzelli<\/li>\n<li><b>Antonella La Frazia<\/b>, <i>Come fiori a seccare<\/i>, Delta 3 Edizioni<\/li>\n<li><b>Vivian Lamarque<\/b>, <i>L\u2019amore da vecchia<\/i>, Mondadori<\/li>\n<li><b>Eva Laudace<\/b>, <i>Le bambine dai capelli rossi. Una favola teatrale<\/i>, Capire Edizioni<\/li>\n<li><b>Giuseppe Elio Ligotti<\/b>, <i>L\u2019alga del tempo<\/i>, Molesini Editore Venezia<\/li>\n<li><b>Viola Lo Moro<\/b>, <i>Luoghi amati<\/i>, Giulio Perrone Editore<\/li>\n<li><b>Anna Maria Lombardi<\/b>, <i>Spigolatura in campi (di)versi<\/i>, Gruppo Culturale Letterario<\/li>\n<li><b>Leopoldo Lonati<\/b>, <i>Discorso senza un alito di vento. Quartine<\/i>,<i> <\/i>Casagrande<\/li>\n<li><b>Andrea Lutri<\/b>, <i>Il cielo non \u00e8 muto<\/i>, Bibliografica Giuridica Ciampi<\/li>\n<li><b>Giorgio Luzzi<\/b>, <i>Forme della notte<\/i>, Carabba<\/li>\n<li><b>Paolo Maccari<\/b>, <i>Quaderno delle presenze<\/i>, Le Lettere<\/li>\n<li><b>Elisa Malvoni<\/b>, <i>C\u2019\u00e8 un sacco di spazio sul fondo. Reportage poetico del piccolo<\/i>, Bette<\/li>\n<li><b>Simona Mancini<\/b>, <i>Di madre nuda<\/i>, Pequod<\/li>\n<li><b>Simona Mancini<\/b>, <i>Leggerezza<\/i>, Il Leggio<\/li>\n<li><b>Attilio Marocchi<\/b>, <i>Raccolta di spighe<\/i>,<i> <\/i>Gilgamesh Edizioni<\/li>\n<li><b>Maurizio Melandri<\/b>, <i>Infinito remoto<\/i>, Robin<\/li>\n<li><b>Maurizio Mequio<\/b>, <i>Cucivo le stelle<\/i>, Bertoni<\/li>\n<li><b>Claudio Monachesi<\/b>, <i>Ak. Poesia per l\u2019Acqua<\/i>, Ass. Terre Sommerse<\/li>\n<li><b>Gabriella Montanari<\/b>, <i>Plagiarsi addosso<\/i>, Il Convivio<\/li>\n<li><b>Gianni Montieri<\/b>, <i>Ampi margini<\/i>, LiberAria Editrice<\/li>\n<li><b>Sabrina Morelli<\/b>, <i>Un attimo di vita<\/i>, PandiLettere<\/li>\n<li><b>Rita Muscardin<\/b>, <i>Ascoltavo il mare piangere con me<\/i>, Cesvol Umbria<\/li>\n<li><b>Francesco Nigri<\/b>, <i>Il segreto di Ebe<\/i>, Gruppo Albatros Il Filo<\/li>\n<li><b>Aldo Nove<\/b>, <i>Sonetti del giorno di quarzo<\/i>, Einaudi<\/li>\n<li><b>Elena Opromolla<\/b>, <i>Olena<\/i>, Ass. Multimage<\/li>\n<li><b>Maria Rita Parsi<\/b>, <i>Per rivedermi ancora<\/i>,<i> <\/i>Pagine<\/li>\n<li><b>Lorenzo Pataro<\/b>, <i>Amuleti<\/i>, Ensemble<\/li>\n<li><b>Caterina Pentericci<\/b>, <i>Muta cum liquida<\/i>, Entropia<\/li>\n<li><b>Daniele Piccini<\/b>, <i>Per la cruna<\/i>, Crocetti<\/li>\n<li><b>Tomaso Pieragnolo<\/b>, <i>Portraits<\/i>, Passigli<\/li>\n<li><b>Matteo Piovan<\/b>, <i>Cammino sulle allucinazioni dell\u2019io<\/i>, Booksprint<\/li>\n<li><b>Gilda Policastro<\/b>, <i>La distinzione<\/i>, Giulio Perrone Editore<\/li>\n<li><b>Silvia Primi<\/b>, <i>Geo<\/i>, Laura Capone Editore<\/li>\n<li><b>Fabio Pusterla<\/b>, <i>Tremalume<\/i>, Marcos y Marcos<\/li>\n<li><b>Martina Restifo<\/b>, <i>Anacronismo<\/i>,<i> <\/i>Br\u00e8<\/li>\n<li><b>Gianluca Ricca<\/b>,<i> Neoestetismo. Un nuovo senso del bello<\/i>, Angolazioni<\/li>\n<li><b>Gianluca Rubino<\/b>, <i>Effat\u00e0. Versi sulla guerra<\/i>,<i> <\/i>Libritalianet Edizioni<\/li>\n<li><b>Giuseppe Ruggeri<\/b>, <i>Figli del vento<\/i>, Genesi<\/li>\n<li><b>Alessandro Russo<\/b>, <i>Finch\u00e9 il sangue non ci separi<\/i>, Leonida<\/li>\n<li><b>Adriano Sansa<\/b>, <i>Al di l\u00e0 dell&#8217;ombra<\/i>, Elliot<\/li>\n<li><b>Luigi Santagati<\/b>, <i>Dal Salso all\u2019Orcia<\/i>, Lussografica<\/li>\n<li><b>Mario Santagostini<\/b>, <i>Il libro della lettera arrivata, e mai partita<\/i>, Garzanti<\/li>\n<li><b>Silvia Sardini<\/b>, <i>Miraggio libero<\/i>, Giovane Holden Edizioni<\/li>\n<li><b>Elena Saviano<\/b>, <i>Ai naviganti di passaggio<\/i>,<i> <\/i>Armenio<\/li>\n<li><b>Mirella Sbaraglia<\/b>, <i>Abbai di cuori<\/i>, la Bussola<\/li>\n<li><b>Mariachiara Scotti<\/b>, <i>I racconti del salice. Poesie di una foresta disincantata<\/i>,<i> <\/i>Serra Tarantola<\/li>\n<li><b>Gabriella Sica<\/b>, <i>Poesie d\u2019aria<\/i>, Interno Libri Edizioni<\/li>\n<li><b>Stefano Simoncelli<\/b>, <i>Sotto falso nome<\/i>, Pequod<\/li>\n<li><b>Christian Sinicco<\/b>, <i>Ballate di Lagosta<\/i>, Donzelli<\/li>\n<li><b>Giorgia Soleri<\/b>, <i>La signorina Nessuno<\/i>, Antonio Vallardi Editore<\/li>\n<li><b>Lorenzo Stoppa Tonolli<\/b>, <i>Come nuvole in cielo. Variazioni fantastiche sul cuore dell\u2019uno. Opera VI<\/i>, Salviati &amp; Sagredo<\/li>\n<li><b>Francesco Targhetta<\/b>, <i>La colpa al capitalismo<\/i>,<i> <\/i>La nave di Teseo<\/li>\n<li><b>Francesco Terrone<\/b>, <i>Le meditazioni a le ultime sette parole di Ges\u00f9 Cristo sulla croce<\/i>. <i>Meditationes de septem ultimis verbis Jesu in cruce<\/i>, Iris edizioni<\/li>\n<li><b>Francesco Terzago<\/b>, <i>Ciberneti<\/i>, Samuele<\/li>\n<li><b>Italo Testa<\/b>, <i>Onda statica<\/i>,<i> <\/i>Zacinto<\/li>\n<li><b>Loredana Tierno<\/b>, <i>Davanti ai miei occhi l\u2019Universo<\/i>, Edizioni Il Saggio<\/li>\n<li><b>Bruno Tognolini<\/b>, <i>Rime alfabete. Ventuno filastrocche per imparare a scrivere il mondo<\/i>, Salani<\/li>\n<li><b>Mary Barbara Tolusso<\/b>, <i>Apolide<\/i>,<i> <\/i>Mondadori<\/li>\n<li><b>Matilde Tortora<\/b>, <i>L\u2019esatto peso della sirena<\/i>, La Mongolfiera<\/li>\n<li><b>Lucia Triolo<\/b>, <i>Sulle pendici dell\u2019altro<\/i>, Macabor<\/li>\n<li><b>Vincenzo Ursini<\/b>, <i>Eravamo comunisti. Poesie e canzoni di lotta, amore e libert\u00e0<\/i>, Nuova Accademia dei Bronzi<\/li>\n<li><b>Gregorio Valeo<\/b>, <i>Gli occhi del poeta<\/i>, Aletti<\/li>\n<li><b>Mimmo Verrigni<\/b>, <i>Ulivart<\/i>, Pav Edizioni<\/li>\n<li><b>Viviana Viviani<\/b>, <i>La bambina impazzita<\/i>, Arkadia<\/li>\n<li><b>Lello Voce<\/b>, <i>Razos<\/i>, La nave di Teseo<\/li>\n<li><b>Viola Vocich<\/b>, <i>Orgasmo<\/i>, Terre Blu<\/li>\n<li><b>Claudia Zironi<\/b>, <i>Tratteggi friulani<\/i>, Qudulibri<\/li>\n<\/ol>\t\t\t\t\t\t\t\t<\/div>\n\t\t\t\t<\/div>\n\t\t\t\t\t<\/div>\n\t\t<\/div>\n\t\t\t\t\t<\/div>\n\t\t<\/section>\n\t\t\t\t<\/div>\n\t\t","protected":false},"excerpt":{"rendered":"<p>\u00a9 Musacchio, Ianniello, Pasqualini &amp; Fucilla \u00a9 Musacchio, Ianniello, Pasqualini &amp; Fucilla \u00a9 Musacchio, Ianniello, Pasqualini &amp; Fucilla \u00a9 Musacchio, Ianniello, Pasqualini &amp; Fucilla Nella sede della Fondazione Bellonci sono stati resi noti, alla presenza del Comitato scientifico, i libri proposti per la prima edizione del Premio Strega Poesia. Per celebrare la Giornata mondiale della [&hellip;]<\/p>\n","protected":false},"author":1,"featured_media":798,"comment_status":"closed","ping_status":"open","sticky":false,"template":"","format":"standard","meta":{"footnotes":""},"categories":[17],"tags":[],"class_list":["post-779","post","type-post","status-publish","format-standard","has-post-thumbnail","hentry","category-notizie"],"_links":{"self":[{"href":"https:\/\/www.premiostrega.it\/PO\/wp-json\/wp\/v2\/posts\/779","targetHints":{"allow":["GET"]}}],"collection":[{"href":"https:\/\/www.premiostrega.it\/PO\/wp-json\/wp\/v2\/posts"}],"about":[{"href":"https:\/\/www.premiostrega.it\/PO\/wp-json\/wp\/v2\/types\/post"}],"author":[{"embeddable":true,"href":"https:\/\/www.premiostrega.it\/PO\/wp-json\/wp\/v2\/users\/1"}],"replies":[{"embeddable":true,"href":"https:\/\/www.premiostrega.it\/PO\/wp-json\/wp\/v2\/comments?post=779"}],"version-history":[{"count":21,"href":"https:\/\/www.premiostrega.it\/PO\/wp-json\/wp\/v2\/posts\/779\/revisions"}],"predecessor-version":[{"id":817,"href":"https:\/\/www.premiostrega.it\/PO\/wp-json\/wp\/v2\/posts\/779\/revisions\/817"}],"wp:featuredmedia":[{"embeddable":true,"href":"https:\/\/www.premiostrega.it\/PO\/wp-json\/wp\/v2\/media\/798"}],"wp:attachment":[{"href":"https:\/\/www.premiostrega.it\/PO\/wp-json\/wp\/v2\/media?parent=779"}],"wp:term":[{"taxonomy":"category","embeddable":true,"href":"https:\/\/www.premiostrega.it\/PO\/wp-json\/wp\/v2\/categories?post=779"},{"taxonomy":"post_tag","embeddable":true,"href":"https:\/\/www.premiostrega.it\/PO\/wp-json\/wp\/v2\/tags?post=779"}],"curies":[{"name":"wp","href":"https:\/\/api.w.org\/{rel}","templated":true}]}}