{"id":11301,"date":"2022-04-26T09:33:03","date_gmt":"2022-04-26T07:33:03","guid":{"rendered":"https:\/\/www.premiostrega.it\/PSR\/?p=11301"},"modified":"2022-04-26T12:02:42","modified_gmt":"2022-04-26T10:02:42","slug":"terna-finalista-per-il-migliore-libro-desordio","status":"publish","type":"post","link":"https:\/\/www.premiostrega.it\/PSR\/terna-finalista-per-il-migliore-libro-desordio\/","title":{"rendered":"Terna finalista per il migliore libro d\u2019esordio"},"content":{"rendered":"<p>Il Comitato scientifico del Premio Strega Ragazze e Ragazzi \u2013 presieduto da <strong>Giovanni Solimine<\/strong> e composto da <strong>Marco Bartolomucci<\/strong>, <strong>Laura Bellacicco<\/strong>, <strong>Flavia Cristiano<\/strong>, <strong>Fabio Geda<\/strong>, <strong>Grazia Gotti<\/strong>, <strong>Maria Greco, Martino Negri<\/strong>, <strong>Elena Pasoli<\/strong>, <strong>Ilaria Tagliaferri<\/strong> e <strong>Virginia Tonfoni<\/strong> \u2013 annuncia la terna del premio per il Migliore libro d&#8217;esordio.<\/p>\n<p>Tra i sedici titoli proposti dagli editori, il Comitato scientifico ha selezionato le seguenti opere: <strong>Elle McNicoll<\/strong>,\u00a0<em><a href=\"https:\/\/www.premiostrega.it\/PSR\/libro\/una-specie-di-scintilla\/\">Una specie di scintilla<\/a>\u00a0<\/em>(Uovonero), traduzione di Sante Bandirali; <strong>Camille Monceaux<\/strong>,\u00a0<a href=\"https:\/\/www.premiostrega.it\/PSR\/libro\/le-cronache-dellacero-e-del-ciliegio\/\"><em>Le cronache dell\u2019acero e del ciliegio<\/em><\/a>, traduzione di Fabrizio Ascari (L\u2019ippocampo); <strong>Antonia Murgo<\/strong>,\u00a0<em><a href=\"https:\/\/www.premiostrega.it\/PSR\/libro\/miss-dicembre-e-il-clan-di-luna\/\">Miss Dicembre e il clan di luna<\/a>\u00a0<\/em>(Bompiani).<\/p>\n<p><strong>La terna finalista verr\u00e0 presentata venerd\u00ec 20 maggio alle ore 14.30 <\/strong>all&#8217;<strong>Arena Bookstock <\/strong>del Salone Internazionale del Libro di Torino, dove <strong>verr\u00e0 annunciato anche il vincitore<\/strong>, <strong>oltre alle longlist <\/strong>delle categorie di concorso 6+, 8+, 11+. Si tratta di una prima selezione ad opera del Comitato scientifico che parte dai libri candidati dagli editori. Nel caso in cui l\u2019opera pi\u00f9 votata sia in traduzione, \u00e8 previsto un premio di pari entit\u00e0 per il traduttore offerto da BolognaFiere.<\/p>\n<p>Il <strong>Premio Strega Ragazze e Ragazzi<\/strong> \u00e8 promosso da<strong> Fondazione Maria e Goffredo Bellonci<\/strong> e <strong>Strega Alberti Benevento<\/strong>, organizzatori del <strong>Premio Strega<\/strong>, con <strong>Centro per il libro e la lettura<\/strong> e <strong>BolognaFiere &#8211; Bologna Children\u2019s Book Fair<\/strong> in collaborazione con <strong>BPER Banca<\/strong> e <strong>IBS.it La Feltrinelli<\/strong>.<\/p>\n<p><a href=\"https:\/\/www.premiostrega.it\/PSR\/wp-content\/uploads\/2022\/04\/Immagine-notizia_-Finalisti-PSR-esordio.png\"><img fetchpriority=\"high\" decoding=\"async\" class=\"aligncenter size-full wp-image-11305\" src=\"https:\/\/www.premiostrega.it\/PSR\/wp-content\/uploads\/2022\/04\/Immagine-notizia_-Finalisti-PSR-esordio.png\" alt=\"immagine per Terna finalista per il migliore libro d\u2019esordio\" width=\"1280\" height=\"720\" data-attachment=\"11305\" srcset=\"https:\/\/www.premiostrega.it\/PSR\/wp-content\/uploads\/2022\/04\/Immagine-notizia_-Finalisti-PSR-esordio.png 1280w, https:\/\/www.premiostrega.it\/PSR\/wp-content\/uploads\/2022\/04\/Immagine-notizia_-Finalisti-PSR-esordio-300x169.png 300w, https:\/\/www.premiostrega.it\/PSR\/wp-content\/uploads\/2022\/04\/Immagine-notizia_-Finalisti-PSR-esordio-1024x576.png 1024w, https:\/\/www.premiostrega.it\/PSR\/wp-content\/uploads\/2022\/04\/Immagine-notizia_-Finalisti-PSR-esordio-768x432.png 768w, https:\/\/www.premiostrega.it\/PSR\/wp-content\/uploads\/2022\/04\/Immagine-notizia_-Finalisti-PSR-esordio-460x259.png 460w\" sizes=\"(max-width: 1280px) 100vw, 1280px\" \/><\/a><\/p>\n","protected":false},"excerpt":{"rendered":"<p>Il Comitato scientifico del Premio Strega Ragazze e Ragazzi \u2013 presieduto da Giovanni Solimine e composto da Marco Bartolomucci, Laura Bellacicco, Flavia Cristiano, Fabio Geda, Grazia Gotti, Maria Greco, Martino Negri, Elena Pasoli, Ilaria Tagliaferri e Virginia Tonfoni \u2013 annuncia la terna del premio per il Migliore libro d&#8217;esordio. Tra i sedici titoli proposti dagli [&hellip;]<\/p>\n","protected":false},"author":1,"featured_media":11304,"comment_status":"open","ping_status":"open","sticky":false,"template":"","format":"standard","meta":{"footnotes":""},"categories":[9,102],"tags":[],"class_list":["post-11301","post","type-post","status-publish","format-standard","has-post-thumbnail","hentry","category-notizie","category-eventi"],"_links":{"self":[{"href":"https:\/\/www.premiostrega.it\/PSR\/wp-json\/wp\/v2\/posts\/11301","targetHints":{"allow":["GET"]}}],"collection":[{"href":"https:\/\/www.premiostrega.it\/PSR\/wp-json\/wp\/v2\/posts"}],"about":[{"href":"https:\/\/www.premiostrega.it\/PSR\/wp-json\/wp\/v2\/types\/post"}],"author":[{"embeddable":true,"href":"https:\/\/www.premiostrega.it\/PSR\/wp-json\/wp\/v2\/users\/1"}],"replies":[{"embeddable":true,"href":"https:\/\/www.premiostrega.it\/PSR\/wp-json\/wp\/v2\/comments?post=11301"}],"version-history":[{"count":6,"href":"https:\/\/www.premiostrega.it\/PSR\/wp-json\/wp\/v2\/posts\/11301\/revisions"}],"predecessor-version":[{"id":11418,"href":"https:\/\/www.premiostrega.it\/PSR\/wp-json\/wp\/v2\/posts\/11301\/revisions\/11418"}],"wp:featuredmedia":[{"embeddable":true,"href":"https:\/\/www.premiostrega.it\/PSR\/wp-json\/wp\/v2\/media\/11304"}],"wp:attachment":[{"href":"https:\/\/www.premiostrega.it\/PSR\/wp-json\/wp\/v2\/media?parent=11301"}],"wp:term":[{"taxonomy":"category","embeddable":true,"href":"https:\/\/www.premiostrega.it\/PSR\/wp-json\/wp\/v2\/categories?post=11301"},{"taxonomy":"post_tag","embeddable":true,"href":"https:\/\/www.premiostrega.it\/PSR\/wp-json\/wp\/v2\/tags?post=11301"}],"curies":[{"name":"wp","href":"https:\/\/api.w.org\/{rel}","templated":true}]}}