{"id":1291,"date":"2015-10-26T17:34:22","date_gmt":"2015-10-26T16:34:22","guid":{"rendered":"http:\/\/www.premiostrega.it\/PSR\/?p=1291"},"modified":"2015-11-06T19:10:06","modified_gmt":"2015-11-06T18:10:06","slug":"i-libri-candidati-alla-prima-edizione","status":"publish","type":"post","link":"https:\/\/www.premiostrega.it\/PSR\/i-libri-candidati-alla-prima-edizione\/","title":{"rendered":"Ecco i 55 libri candidati alla prima edizione"},"content":{"rendered":"<p class=\"p1\"><span class=\"s1\"><i>Roma, 26 ottobre 2015. <\/i><\/span>La prima edizione del <b><i>Premio Strega Ragazze e Ragazzi<\/i><\/b> entra nel vivo: in attesa di conoscere <b>le due cinquine finaliste<\/b>, che <b>saranno annunciate<\/b> nella sede della Fondazione Bellonci luned\u00ec <b>9 novembre 2015<\/b> (ore 15,30) alla presenza del Ministro dei beni e delle attivit\u00e0 culturali <b>Dario Franceschini<\/b>, ecco i <b>55 libri candidati<\/b> nelle<b> due categorie di concorso<\/b>:<b> <\/b>una per testi destinati alla fascia di <b>lettori<\/b> <b>dai 6 ai 10 anni<\/b>, l\u2019altra alla fascia di <b>lettori<\/b> <b>dagli 11 ai 15 anni<\/b>. Per la prima categoria sono stati proposti dagli editori <b>24 libri<\/b>, per la seconda <b>31<\/b> (presenti <b>13<\/b> titoli in traduzione in entrambe le liste).<\/p>\n<p class=\"p2\">Assegnato a opere di narrativa per ragazzi pubblicate in Italia, anche in edizione tradotta, tra il primo aprile dell\u2019anno precedente e il 31 marzo dell\u2019anno in corso, il nuovo riconoscimento letterario \u00e8 promosso dalla <b>Fondazione Maria e Goffredo Bellonci<\/b> e da <b>Strega Alberti Benevento Spa <\/b>\u2013 organizzatori del Premio Strega \u2013<b> <\/b>con il <b>Centro per il libro e la lettura<\/b>, istituto autonomo del MiBACT nato nel 2007 con il compito di divulgare in Italia la cultura del libro e della lettura, la <b>Fiera del libro per ragazzi di Bologna<\/b>, il maggior evento fieristico di settore a livello internazionale, e con il sostegno di <b>BPER Banca<\/b>.<\/p>\n<p class=\"p1\"><b>Le due cinquine finaliste<\/b> saranno selezionate dal Comitato scientifico, coordinato dal presidente della Fondazione Bellonci <b>Tullio De Mauro<\/b> e composto da <b>Giuseppe Bartorilla<\/b>, <b>Emma Beseghi<\/b>, <b>Pino Boero<\/b>, <b>Ermanno Detti<\/b>, <b>Silvana Loiero<\/b>, <b>Carla Ida Salviati<\/b> e <b>Maria Romana Tetamo <\/b>(note biografiche in allegato).<\/p>\n<p class=\"p1\">Grazie alla collaborazione con una <b>rete di scuole primarie e secondarie<\/b> in tutta Italia individuate dal <b>Centro per il libro e la lettura<\/b>, saranno i lettori pi\u00f9 giovani a decretare con il loro voto le due opere vincitrici.\u00a0<span class=\"s1\">La cerimonia di premiazione si terr\u00e0 a\u00a0<b>Bologna <\/b>nel mese di <b>aprile 2016<\/b>, nell&#8217;ambito della\u00a0<b>Fiera del libro per ragazzi<\/b><\/span>. Al libro pi\u00f9 votato in ciascuna delle due categorie verranno assegnati 5.000 Euro. Nel caso risulti vincitrice un\u2019opera in traduzione, \u00e8 previsto un premio di 2.000 Euro per il traduttore.<\/p>\n<p class=\"p1\"><i>Libri candidati<\/i><\/p>\n<p class=\"p1\"><b>Categoria 6-10 anni<\/b><\/p>\n<ul>\n<li>AA.VV. <i>La Grammatica la fa\u2026 la differenza!<\/i> (Mammeonline)<\/li>\n<li>Annie Barrows<i> Ely + Bea. Ma che bella pensata!<\/i> (Gallucci)<\/li>\n<li>Luciana Breggia<i> Il giudice alla rovescia<\/i> (Einaudi Ragazzi)<\/li>\n<li>Vincent Cuvellier<i> Giancretino e io<\/i> (Biancoenero)<\/li>\n<li>Erminia Dell\u2019Oro<i> Il gatto rapito<\/i> (Piemme)<\/li>\n<li>Paolo Di Paolo<i> La mucca volante<\/i> (Bompiani)<\/li>\n<li>Siobhan Dowd<i> Il riscatto di Dond<\/i> (Uovonero)<\/li>\n<li>Goscinny &amp; Semp\u00e9<i> Le nuove storie del piccolo Nicolas<\/i> (Donzelli)<\/li>\n<li>Jean-Claude Grumberg<i> Cappuccetto Uf<\/i> (Cleup)<\/li>\n<li>A. F. Harrold <i>Il mio amico immaginario<\/i> (Mondadori Ragazzi)<\/li>\n<li>Mirko Montini <i>Battaglia in mensa<\/i> (La memoria del mondo)<\/li>\n<li>Tom Moorhouse <i>La canzone del Grande Fiume<\/i> (Feltrinelli)<\/li>\n<li>Paolo Nori <i>La bambina fulminante<\/i> (Rizzoli)<\/li>\n<li>Maria Parr <i>Cuori di waffel<\/i> (Beisler)<\/li>\n<li>Guido Quarzo e Anna Vivarelli <i>Mangia, Matilde!<\/i> (Interlinea)<\/li>\n<li>Chris Riddell <i>Agata De Gotici<\/i> (Il Castoro)<\/li>\n<li>Gabriella Santini <i>Leonardo e il fiore della vita<\/i> (Raffaello Libri)<\/li>\n<li>Janneke Schotveld <i>La nonna in fuga<\/i> (Lo Stampatello)<\/li>\n<li>Brigitte Smadja <i>Lasciami un po\u2019, pap\u00e0<\/i> (Loescher)<\/li>\n<li>Tanya Stewner <i>Lilli. Vietato parlare agli elefanti<\/i> (La nuova frontiera)<\/li>\n<li>Susanna Tamaro <i>Salta, Bart!<\/i> (Giunti)<\/li>\n<li>Andrea Valente <i>Un elefante sotto il letto<\/i> (Lapis)<\/li>\n<li>Chiara Vincenzi <i>No\u00e8, il topolino con la paura della propria ombra<\/i> (Il Ciliegio)<\/li>\n<li><span class=\"s1\">Laurence Yep e Joanne Ryder, <i>Storia di un drago e della bambina che gli cambi\u00f2 la vita<\/i> (De Agostini) <\/span><\/li>\n<\/ul>\n<p class=\"p1\"><b>Categoria 11-15 anni<\/b><\/p>\n<ul>\n<li>Daniela Bisagno <i>Il mistero delle statue rubate<\/i> (Edisco)<\/li>\n<li>Benedetta Bonacina <i>Fuga dal Buio<\/i> (il Ciliegio)<\/li>\n<li>Chiara Carminati <i>Fuori fuoco<\/i> (Bompiani)<\/li>\n<li>Francesco D\u2019Adamo <i>Dalla parte sbagliata<\/i> (Giunti)<\/li>\n<li>Vichi De Marchi <i>La trottola di Sofia. Sofia Kovalevskaja si racconta<\/i> (Editoriale Scienza)<\/li>\n<li>Silvio Don\u00e0 <i>Extasia<\/i> (Leone)<\/li>\n<li>Siobhan Dowd <i>Crystal della strada<\/i> (Uovonero)<\/li>\n<li>Giuseppe Festa <i>L\u2019ombra del gattopardo<\/i> (Salani)<\/li>\n<li>Loredana Frescura <i>Vado a essere felice<\/i> (Raffaello)<\/li>\n<li>Jostein Gaarder <i>Il mondo di Anna<\/i> (Longanesi)<\/li>\n<li>Yah\u00ebl Hassan <i>Finch\u00e9 la terra pianger\u00e0<\/i> (Lapis)<\/li>\n<li>A.G. Howard <i>Il mio splendido migliore amico<\/i> (Newton Compton)<\/li>\n<li>Erin Hunter <i>Warrior Cats. La profezia di Stella Blu <\/i>(Sonda)<\/li>\n<li>Eleonora Laffranchini <i>Corse di tram<\/i> (Mammeonline)<\/li>\n<li>David LaRochelle <i>Io no!&#8230; O forse s\u00ec<\/i> (Biancoenero)<\/li>\n<li>Emily Lockhart <i>L\u2019estate dei segreti perduti<\/i> (De Agostini)<\/li>\n<li>Laura Marx Fitzgerald <i>L\u2019incredibile caso dell\u2019uomo e del Raffaello Perduto<\/i> (Fabbri)<\/li>\n<li>Beatrice Masini <i>La fine del cerchio<\/i> (Fanucci)<\/li>\n<li>Luisa Mattia <i>L&#8217;isola di Arcangelo<\/i> (Beisler)<\/li>\n<li>Emily Murdoch <i>Il segreto delle stelle bianche<\/i> (Feltrinelli)<\/li>\n<li>Patrick Ness<i> Chaos. La fuga<\/i> (Mondadori Ragazzi)<\/li>\n<li>Moni Nilsson <i>La gita di classe<\/i> (Qudulibri)<\/li>\n<li>Alessandra Parodi <i>Tutti a bordo\u2026 con filosofia<\/i> (La memoria del mondo)<\/li>\n<li>Tommaso Percivale <i>Messaggio dall\u2019impossibile<\/i> (Einaudi Ragazzi)<\/li>\n<li>Margi Preus <i>Il segreto di Espen<\/i> (EDT \u2013 Giralangolo)<\/li>\n<li>Patrizia Rinaldi <i>Federico il pazzo<\/i> (Sinnos)<\/li>\n<li>Davide Rondoni <i>Se tu fossi qui<\/i> (San Paolo)<\/li>\n<li>Liliana Segre con Daniela Palumbo <i>Fino a quando la mia stella briller\u00e0<\/i> (Piemme)<\/li>\n<li>Guido Sgardoli <i>Il giorno degli eroi<\/i> (Rizzoli)<\/li>\n<li>Ellis Weiner <i>I gemelli Templeton danno spettacolo<\/i> (Gallucci)<\/li>\n<li>Paola Zannoner <i>Zorro nella neve<\/i> (Il Castoro)<\/li>\n<\/ul>\n<p class=\"p4\"><i>Seguici su <\/i><\/p>\n<p class=\"p4\"><b><a href=\"http:\/\/www.premiostrega.it\/PSR\" target=\"_blank\">www.premiostrega.it\/PSR<\/a><\/b><\/p>\n<p class=\"p4\">facebook.com\/fondazionebellonci<br \/>\n@fondbellonci<span class=\"Apple-converted-space\">\u00a0 <\/span>#premiostrega<\/p>\n<p class=\"p4\"><i>Ufficio stampa<br \/>\n<\/i><b>Ex Libris Comunicazione<\/b><\/p>\n<ul>\n<li class=\"p4\">Tel. +39 02 45475230 Fax +39 02 89690608<\/li>\n<li class=\"p6\"><span class=\"s2\">Email <\/span><a href=\"mailto:ufficiostampa@exlibris.it\">ufficiostampa@exlibris.it<\/a><\/li>\n<li class=\"p6\"><span class=\"s2\">Carmen Novella 335 6792295; <\/span><a href=\"mailto:c.novella@exlibris.it\">c.novella@exlibris.it<\/a><\/li>\n<\/ul>\n<p class=\"p4\"><i>Segreteria organizzativa<br \/>\n<\/i><b>Fondazione Maria e Goffredo Bellonci<\/b><\/p>\n<ul>\n<li class=\"p4\">Via Fratelli Ruspoli 2, 00198 Roma<\/li>\n<li class=\"p4\">Tel.\/fax +39 06 85358119<\/li>\n<li class=\"p8\"><a href=\"mailto:info@fondazionebellonci.it\">info@fondazionebellonci.it<\/a><\/li>\n<\/ul>\n<p class=\"p2\"><img fetchpriority=\"high\" decoding=\"async\" class=\"alignnone size-full wp-image-1284\" src=\"http:\/\/www.premiostrega.it\/PSR\/wp-content\/uploads\/2015\/07\/promo.jpg\" alt=\"promo\" width=\"394\" height=\"276\" data-attachment=\"1284\" srcset=\"https:\/\/www.premiostrega.it\/PSR\/wp-content\/uploads\/2015\/07\/promo.jpg 394w, https:\/\/www.premiostrega.it\/PSR\/wp-content\/uploads\/2015\/07\/promo-300x210.jpg 300w, https:\/\/www.premiostrega.it\/PSR\/wp-content\/uploads\/2015\/07\/promo-375x263.jpg 375w\" sizes=\"(max-width: 394px) 100vw, 394px\" \/><\/p>\n","protected":false},"excerpt":{"rendered":"<p>Roma, 26 ottobre 2015. La prima edizione del Premio Strega Ragazze e Ragazzi entra nel vivo: in attesa di conoscere le due cinquine finaliste, che saranno annunciate nella sede della Fondazione Bellonci luned\u00ec 9 novembre 2015 (ore 15,30) alla presenza del Ministro dei beni e delle attivit\u00e0 culturali Dario Franceschini, ecco i 55 libri candidati [&hellip;]<\/p>\n","protected":false},"author":1,"featured_media":1481,"comment_status":"open","ping_status":"open","sticky":false,"template":"","format":"standard","meta":{"footnotes":""},"categories":[9],"tags":[],"class_list":["post-1291","post","type-post","status-publish","format-standard","has-post-thumbnail","hentry","category-notizie"],"_links":{"self":[{"href":"https:\/\/www.premiostrega.it\/PSR\/wp-json\/wp\/v2\/posts\/1291","targetHints":{"allow":["GET"]}}],"collection":[{"href":"https:\/\/www.premiostrega.it\/PSR\/wp-json\/wp\/v2\/posts"}],"about":[{"href":"https:\/\/www.premiostrega.it\/PSR\/wp-json\/wp\/v2\/types\/post"}],"author":[{"embeddable":true,"href":"https:\/\/www.premiostrega.it\/PSR\/wp-json\/wp\/v2\/users\/1"}],"replies":[{"embeddable":true,"href":"https:\/\/www.premiostrega.it\/PSR\/wp-json\/wp\/v2\/comments?post=1291"}],"version-history":[{"count":14,"href":"https:\/\/www.premiostrega.it\/PSR\/wp-json\/wp\/v2\/posts\/1291\/revisions"}],"predecessor-version":[{"id":1866,"href":"https:\/\/www.premiostrega.it\/PSR\/wp-json\/wp\/v2\/posts\/1291\/revisions\/1866"}],"wp:featuredmedia":[{"embeddable":true,"href":"https:\/\/www.premiostrega.it\/PSR\/wp-json\/wp\/v2\/media\/1481"}],"wp:attachment":[{"href":"https:\/\/www.premiostrega.it\/PSR\/wp-json\/wp\/v2\/media?parent=1291"}],"wp:term":[{"taxonomy":"category","embeddable":true,"href":"https:\/\/www.premiostrega.it\/PSR\/wp-json\/wp\/v2\/categories?post=1291"},{"taxonomy":"post_tag","embeddable":true,"href":"https:\/\/www.premiostrega.it\/PSR\/wp-json\/wp\/v2\/tags?post=1291"}],"curies":[{"name":"wp","href":"https:\/\/api.w.org\/{rel}","templated":true}]}}