{"id":4171,"date":"2017-10-31T16:28:23","date_gmt":"2017-10-31T15:28:23","guid":{"rendered":"http:\/\/www.premiostrega.it\/PSR\/?p=4171"},"modified":"2018-01-10T13:09:52","modified_gmt":"2018-01-10T12:09:52","slug":"scelte-le-cinquine-finaliste-3","status":"publish","type":"post","link":"https:\/\/www.premiostrega.it\/PSR\/scelte-le-cinquine-finaliste-3\/","title":{"rendered":"Scelte le cinquine finaliste"},"content":{"rendered":"<figure id=\"attachment_4174\" aria-describedby=\"caption-attachment-4174\" style=\"width: 300px\" class=\"wp-caption alignleft\"><a href=\"http:\/\/www.premiostrega.it\/PSR\/wp-content\/uploads\/2017\/10\/Slides_Cinquina.jpg\"><img fetchpriority=\"high\" decoding=\"async\" class=\"size-medium wp-image-4174\" src=\"http:\/\/www.premiostrega.it\/PSR\/wp-content\/uploads\/2017\/10\/Slides_Cinquina-300x225.jpg\" alt=\"\" width=\"300\" height=\"225\" data-attachment=\"4174\" srcset=\"https:\/\/www.premiostrega.it\/PSR\/wp-content\/uploads\/2017\/10\/Slides_Cinquina-300x225.jpg 300w, https:\/\/www.premiostrega.it\/PSR\/wp-content\/uploads\/2017\/10\/Slides_Cinquina-768x576.jpg 768w, https:\/\/www.premiostrega.it\/PSR\/wp-content\/uploads\/2017\/10\/Slides_Cinquina-1024x768.jpg 1024w, https:\/\/www.premiostrega.it\/PSR\/wp-content\/uploads\/2017\/10\/Slides_Cinquina-400x300.jpg 400w, https:\/\/www.premiostrega.it\/PSR\/wp-content\/uploads\/2017\/10\/Slides_Cinquina-360x270.jpg 360w, https:\/\/www.premiostrega.it\/PSR\/wp-content\/uploads\/2017\/10\/Slides_Cinquina-750x563.jpg 750w, https:\/\/www.premiostrega.it\/PSR\/wp-content\/uploads\/2017\/10\/Slides_Cinquina.jpg 1280w\" sizes=\"(max-width: 300px) 100vw, 300px\" \/><\/a><figcaption id=\"caption-attachment-4174\" class=\"wp-caption-text\">Le cinquine selezionate<\/figcaption><\/figure>\n<p align=\"JUSTIFY\"><span style=\"font-size: medium;\">Sono state<\/span><i> <\/i><span style=\"font-size: medium;\">selezionate le <\/span><span style=\"font-size: medium;\"><b>due cinquine finaliste<\/b><\/span><span style=\"font-size: medium;\"> alla terza edizione del Premio Strega Ragazze e Ragazzi, promosso da<\/span> <span style=\"font-size: medium;\"><b>Fondazione Maria e Goffredo Bellonci<\/b><\/span><span style=\"font-size: medium;\">, <\/span><span style=\"font-size: medium;\"><b>Strega Alberti Benevento SpA<\/b><\/span><span style=\"font-size: medium;\">, <\/span><span style=\"font-size: medium;\"><b>Bologna Fiere-Bologna Children\u2019s Book Fair<\/b><\/span><span style=\"font-size: medium;\">,<\/span><span style=\"font-size: medium;\"><b> Centro per il libro e la lettura <\/b><\/span><span style=\"font-size: medium;\">e<\/span><span style=\"font-size: medium;\"><b> BPER Banca<\/b><\/span><span style=\"font-size: medium;\">.<\/span><\/p>\n<p align=\"JUSTIFY\"><span style=\"font-size: medium;\">Il <\/span><span style=\"font-size: medium;\"><b>Comitato scientifico<\/b><\/span><span style=\"font-size: medium;\"> \u2013 <\/span><span style=\"font-size: medium;\">presieduto da <\/span><span style=\"font-size: medium;\"><b>Giovanni Solimine<\/b><\/span><span style=\"font-size: medium;\"> (Fondazione Bellonci) e composto da <\/span><span style=\"font-size: medium;\"><b>Emma Beseghi <\/b><\/span><span style=\"font-size: medium;\">(Universit\u00e0 di Bologna), <\/span><span style=\"font-size: medium;\"><b>Pino Boero <\/b><\/span><span style=\"font-size: medium;\">(Universit\u00e0 di Genova), <\/span><span style=\"font-size: medium;\"><b>Ermanno Detti <\/b><\/span><span style=\"font-size: medium;\">(\u201cIl pepe verde\u201d), <\/span><span style=\"font-size: medium;\"><b>Arianna Di Pietro<\/b><\/span><span style=\"font-size: medium;\"> (libreria Il mosaico, Imola), <\/span><span style=\"font-size: medium;\"><b>Marta Marchi <\/b><\/span><span style=\"font-size: medium;\">(Scuola Primaria Arcobaleno, Padova), <\/span><span style=\"font-size: medium;\"><b>Riccardo Pontegobbi <\/b><\/span><span style=\"font-size: medium;\">(\u201cLiber\u201d)<\/span><b> <\/b><span style=\"font-size: medium;\">e <\/span><span style=\"font-size: medium;\"><b>Fiammetta Terlizzi<\/b><\/span><span style=\"font-size: medium;\"> (Biblioteca Angelica, Roma) \u2013<\/span><b> <\/b><span style=\"font-size: medium;\">ha scelto i dieci libri che si contenderanno il premio fra gli <\/span><span style=\"font-size: medium;\"><b>80 titoli candidati: 40<\/b><\/span><span style=\"font-size: medium;\"> nella categoria di concorso<\/span><span style=\"font-size: medium;\"><b> +6<\/b><\/span><span style=\"font-size: medium;\">,<\/span><span style=\"font-size: medium;\"> rivolta alla fascia di lettori <\/span><span style=\"font-size: medium;\">dai 6 ai 10 anni<\/span><span style=\"font-size: medium;\">, e <\/span><span style=\"font-size: medium;\"><b>40<\/b><\/span><span style=\"font-size: medium;\"> nella categoria<\/span><span style=\"font-size: medium;\"><b> +11<\/b><\/span><span style=\"font-size: medium;\">,<\/span><span style=\"font-size: medium;\"> rivolta alla fascia <\/span><span style=\"font-size: medium;\">dagli 11 ai 15 anni.<\/span><\/p>\n<p align=\"JUSTIFY\">\u201c<span style=\"font-size: medium;\">Le proposte degli editori sono state anche quest\u2019anno particolarmente ricche dal punto di vista qualitativo \u2013 dichiara Giovanni Solimine \u2013 circostanza che ha felicemente complicato il lavoro del comitato scientifico. Della scelta conclusiva mi fa piacere rilevare due cose: la presenza di storie dove l\u2019umorismo, l\u2019avventura e la poesia vivono accanto a temi di grande rilievo dell\u2019attualit\u00e0, e la presenza di libri pubblicati da piccoli ma agguerriti editori specializzati accanto a varie sigle dei maggiori gruppi editoriali\u201d.<\/span><\/p>\n<p align=\"JUSTIFY\"><span style=\"font-size: medium;\">I libri finalisti e le motivazioni del comitato scientifico:<\/span><\/p>\n<p align=\"JUSTIFY\"><span style=\"font-size: medium;\"><b>Categoria +6<\/b><\/span><\/p>\n<ul>\n<li><span style=\"font-size: medium;\"><i>La bambina selvaggia <\/i><\/span><span style=\"font-size: medium;\">di <\/span><span style=\"font-size: medium;\"><b>Rumer Godden<\/b><\/span><span style=\"font-size: medium;\">, tradotto da <\/span><span style=\"font-size: medium;\"><b>Marta Barone <\/b><\/span><span style=\"font-size: medium;\">(Bompiani)<br \/>\n<\/span>\u201c<span style=\"font-size: medium;\">Kittzy lotta per conservare la sua identit\u00e0 in un mondo che la vorrebbe omologare. \u00c8 la storia di una bambina zingara che ci parla di bulli, anzi di bulle, di libert\u00e0, di accettazione. Conosciuta soltanto ora dai lettori italiani, \u00e8 in Inghilterra un classico della narrativa per ragazzi\u201d. \u00a0\u00a0<\/span><\/li>\n<li><span style=\"font-size: medium;\"><i>I numeri felici <\/i><\/span><span style=\"font-size: medium;\">di <\/span><span style=\"font-size: medium;\"><b>Susanna Mattiangeli <\/b><\/span><span style=\"font-size: medium;\">(V\u00e0nvere)<br \/>\n<\/span>\u201c<span style=\"font-size: medium;\">Questo libro mette in scena con leggerezza e profondit\u00e0 un\u2019infanzia libera, curiosa, affascinata dal mondo che la circonda e dai personaggi che incontra. L\u2019originalit\u00e0 dell\u2019idea narrativa \u00e8 declinare gli eventi quotidiani attraverso i numeri\u201d.<\/span><\/li>\n<li><span style=\"font-size: medium;\"><i>Hachiko. Il cane che aspettava <\/i><\/span><span style=\"font-size: medium;\">di <\/span><span style=\"font-size: medium;\"><b>Lluis Pratz Martinez<\/b><\/span><span style=\"font-size: medium;\">, tradotto da <\/span><span style=\"font-size: medium;\"><b>Alberto Cristofori <\/b><\/span><span style=\"font-size: medium;\">(Albe)<br \/>\n<\/span>\u201c<span style=\"font-size: medium;\">Un cane attende il padrone morto alla stazione di Tokyo. La trama riprende un fatto realmente accaduto che tocca sentimenti profondi. \u00c8 la storia di una fedelt\u00e0 che vince la morte raccontata con una scrittura lieve\u201d.<\/span><\/li>\n<li><span style=\"font-size: medium;\"><i>L\u2019universit\u00e0 di Tuttomio <\/i><\/span><span style=\"font-size: medium;\">di <\/span><span style=\"font-size: medium;\"><b>Fabrizio Silei<\/b><\/span><span style=\"font-size: medium;\"> (Il Castoro)<br \/>\n<\/span>\u201c<span style=\"font-size: medium;\">Un bambino altruista e generoso in una famiglia egoista e avida che lo rifiuta e lo invia in una universit\u00e0 dove si insegna l\u2019individualismo e il senso del possesso. Da questa situazione scaturiscono scene esilaranti al limite del grottesco\u201d.<\/span><\/li>\n<li><span style=\"font-size: medium;\"><i>Io sono soltanto una bambina <\/i><\/span><span style=\"font-size: medium;\">di <\/span><span style=\"font-size: medium;\"><b>Jutta Ricther<\/b><\/span><span style=\"font-size: medium;\">, tradotto da <\/span><span style=\"font-size: medium;\"><b>Bice Rinaldi <\/b><\/span><span style=\"font-size: medium;\">(Beisler)<br \/>\n<\/span>\u201c<span style=\"font-size: medium;\">Al centro del racconto ci sono i rapporti famigliari visti dallo sguardo scanzonato di una bambina. Il mondo degli adulti ci appare attraverso la scrittura vivace e umoristica dell\u2019autrice meno saggio di quanto ci aspetteremmo\u201d.<\/span><\/li>\n<\/ul>\n<p align=\"JUSTIFY\"><span style=\"font-size: medium;\"><b>Categoria +11<\/b><\/span><\/p>\n<ul>\n<li><span style=\"font-size: medium;\"><i>Il grido del lupo <\/i><\/span><span style=\"font-size: medium;\">di <\/span><span style=\"font-size: medium;\"><b>Melvin Burgess<\/b><\/span><span style=\"font-size: medium;\">, tradotto da <\/span><span style=\"font-size: medium;\"><b>Angela Ragusa <\/b><\/span><span style=\"font-size: medium;\">(Equilibri)<br \/>\n<\/span>\u201c<span style=\"font-size: medium;\">Scritto da uno dei migliori autori per adolescenti, \u00e8 la storia cruda e crudele di un cacciatore e della sua ossessione: la caccia all\u2019ultimo lupo di Inghilterra. L\u2019animale terrore delle fiabe \u00e8 qui meno pericoloso e disumano dell\u2019uomo stesso\u201d.<\/span><\/li>\n<li><span style=\"font-size: medium;\"><i>L\u2019albero delle bugie <\/i><\/span><span style=\"font-size: medium;\">di <\/span><span style=\"font-size: medium;\"><b>Frances Hardinge<\/b><\/span><span style=\"font-size: medium;\">, tradotto da <\/span><span style=\"font-size: medium;\"><b>Giuseppe Iacobaci <\/b><\/span><span style=\"font-size: medium;\">e<\/span><span style=\"font-size: medium;\"><b> Claudia Lionetti <\/b><\/span><span style=\"font-size: medium;\">(Mondadori)<br \/>\n<\/span>\u201c<span style=\"font-size: medium;\">Un libro che ha l\u2019impronta di un classico dell\u2019et\u00e0 vittoriana: la passione per la conoscenza ma anche il perbenismo della societ\u00e0 in una trama che si tinge di giallo. Un libro di qualit\u00e0 eccellente per la scrittura e l\u2019accuratezza dell\u2019ambientazione storica\u201d.<\/span><\/li>\n<li><span style=\"font-size: medium;\"><i>Hotel Grande A. <\/i><\/span><span style=\"font-size: medium;\">di <\/span><span style=\"font-size: medium;\"><b>Sjoerd Kuyper<\/b><\/span><span style=\"font-size: medium;\">, tradotto da <\/span><span style=\"font-size: medium;\"><b>Anna Patrucco Becchi <\/b><\/span><span style=\"font-size: medium;\">(La Nuova Frontiera)<br \/>\n<\/span>\u201c<span style=\"font-size: medium;\">Kos, il protagonista, ha un padre colpito da infarto. Tocca a lui e alle sue sorelle il compito di gestire l\u2019albergo. Una trama dissacrante e ricca di sorprese come in tanta letteratura dall\u2019Olanda, che mette in scena un\u2019educazione sentimentale ad uso di ragazzi e ragazze\u201d.<\/span><\/li>\n<li><span style=\"font-size: medium;\"><i>Il giardino dei musi eterni <\/i><\/span><span style=\"font-size: medium;\">di <\/span><span style=\"font-size: medium;\"><b>Bruno Tognolini <\/b><\/span><span style=\"font-size: medium;\">(Salani)<br \/>\n<\/span>\u201c<span style=\"font-size: medium;\">In un cimitero-paradiso degli animali domestici sono scomparse alcun anime. Da uno dei migliori poeti italiani per l\u2019infanzia, il racconto filosofico di un\u2019investigazione che si sviluppa in una lingua piena di invenzioni, intrecciando morte e rinascita, tempo ed eternit\u00e0\u201d.\u00a0<\/span><\/li>\n<li><span style=\"font-size: medium;\"><i>L\u2019ultimo faro <\/i><\/span><span style=\"font-size: medium;\">di <\/span><span style=\"font-size: medium;\"><b>Paola Zannoner<\/b><\/span><i><b> <\/b><\/i><span style=\"font-size: medium;\">(DeA)<br \/>\n<\/span>\u201c<span style=\"font-size: medium;\">Quattordici ragazze e ragazzi che si raccontano intorno a un faro mettendo in comune le loro storie problematiche e affrontando un percorso di crescita condiviso. Un romanzo corale condotto con abilit\u00e0 e leggerezza nel tratteggiare le diverse psicologie adolescenziali\u201d.<\/span><\/li>\n<\/ul>\n<p align=\"JUSTIFY\"><span style=\"font-size: medium;\">Assegnato a opere di narrativa pubblicate in Italia, anche in traduzione, tra il\u00a01\u00b0 aprile dell\u2019anno precedente\u00a0e il\u00a030 giugno dell\u2019anno in corso, il Premio Strega Ragazze e Ragazzi nasce con lo scopo di andare<\/span><span style=\"font-size: medium;\"> alle <\/span><span style=\"font-size: medium;\"><b>radici della passione per la lettura<\/b><\/span><span style=\"font-size: medium;\">,<\/span><span style=\"font-size: medium;\"> promuovendone il valore formativo e culturale fin dall\u2019infanzia e dall\u2019adolescenza. <\/span><span style=\"font-size: medium;\">Saranno infatti decine di ragazzi <\/span><span style=\"font-size: medium;\">fra i 6 e i 15 anni, provenienti <\/span><span style=\"font-size: medium;\">da <\/span><span style=\"font-size: medium;\"><b>circa 70 scuole<\/b><\/span><span style=\"font-size: medium;\"> dislocate in Italia e all\u2019estero, ad assegnare con il loro voto il riconoscimento, rivelandoci quali sono le storie e gli autori <\/span><span style=\"font-size: medium;\">che amano di pi\u00f9<\/span><span style=\"font-size: medium;\">.<\/span><\/p>\n<p align=\"JUSTIFY\"><span style=\"font-size: medium;\">Il <\/span><span style=\"font-size: medium;\"><b>premio di 5.000 Euro<\/b><\/span><span style=\"font-size: medium;\">, attribuito ai libri vincitori nelle due categorie di concorso, \u00e8 offerto dall\u2019azienda <\/span><span style=\"font-size: medium;\"><b>Strega Alberti<\/b><\/span><span style=\"font-size: medium;\"> e verr\u00e0 consegnato alla presenza di tutti gli autori finalisti a Bologna, nell\u2019ambito della <\/span><span style=\"font-size: medium;\"><b>Fiera del Libro per Ragazzi<\/b><\/span><span style=\"font-size: medium;\"> (<\/span><span style=\"font-size: medium;\"><b>26-29 marzo 2018<\/b><\/span><span style=\"font-size: medium;\">). Nel caso in cui l\u2019opera pi\u00f9 votata sia tradotta in italiano da un\u2019altra lingua, \u00e8 previsto un <\/span><span style=\"font-size: medium;\"><b>premio di pari entit\u00e0<\/b><\/span><span style=\"font-size: medium;\"> per il<\/span><span style=\"font-size: medium;\"><b> traduttore<\/b><\/span><span style=\"font-size: medium;\">, offerto da <\/span><span style=\"font-size: medium;\"><b>Bologna Fiere<\/b><\/span><span style=\"font-size: medium;\">.<\/span><\/p>\n<p align=\"JUSTIFY\"><span style=\"font-size: medium;\">A partire dalla scorsa edizione <\/span><span style=\"font-size: medium;\"><b>BPER<\/b><\/span><span style=\"font-size: medium;\"><b>\u00a0<\/b><\/span><span style=\"font-size: medium;\"><b>Banca<\/b><\/span><span style=\"font-size: medium;\"> assegna una targa e un premio in denaro a una delle scuole componenti della giuria <\/span><span style=\"font-size: medium;\"><b>+6<\/b><\/span><span style=\"font-size: medium;\"> e a un ragazzo componente della giuria <\/span><span style=\"font-size: medium;\"><b>+11<\/b><\/span><span style=\"font-size: medium;\">, che vincono rispettivamente un bonus di 1.000 e di 500 euro. <\/span><\/p>\n<p align=\"JUSTIFY\"><span style=\"font-size: medium;\">L\u2019elenco delle scuole che compongono la giuria e i titoli degli 80 libri candidati, ciascuno proposto dal proprio editore, sono sul sito <\/span><a href=\"http:\/\/www.premiostrega.it\/PSR\" target=\"_blank\" rel=\"noopener\"><span style=\"color: #0000ff;\"><u><span style=\"font-size: medium;\"><i><b>www.premiostrega.it\/PSR<\/b><\/i><\/span><\/u><\/span><\/a><\/p>\n","protected":false},"excerpt":{"rendered":"<p>Sono state selezionate le due cinquine finaliste alla terza edizione del Premio Strega Ragazze e Ragazzi, promosso da Fondazione Maria e Goffredo Bellonci, Strega Alberti Benevento SpA, Bologna Fiere-Bologna Children\u2019s Book Fair, Centro per il libro e la lettura e BPER Banca. Il Comitato scientifico \u2013 presieduto da Giovanni Solimine (Fondazione Bellonci) e composto da [&hellip;]<\/p>\n","protected":false},"author":1,"featured_media":4174,"comment_status":"open","ping_status":"open","sticky":false,"template":"","format":"standard","meta":{"footnotes":""},"categories":[9,102],"tags":[],"class_list":["post-4171","post","type-post","status-publish","format-standard","has-post-thumbnail","hentry","category-notizie","category-eventi"],"_links":{"self":[{"href":"https:\/\/www.premiostrega.it\/PSR\/wp-json\/wp\/v2\/posts\/4171","targetHints":{"allow":["GET"]}}],"collection":[{"href":"https:\/\/www.premiostrega.it\/PSR\/wp-json\/wp\/v2\/posts"}],"about":[{"href":"https:\/\/www.premiostrega.it\/PSR\/wp-json\/wp\/v2\/types\/post"}],"author":[{"embeddable":true,"href":"https:\/\/www.premiostrega.it\/PSR\/wp-json\/wp\/v2\/users\/1"}],"replies":[{"embeddable":true,"href":"https:\/\/www.premiostrega.it\/PSR\/wp-json\/wp\/v2\/comments?post=4171"}],"version-history":[{"count":6,"href":"https:\/\/www.premiostrega.it\/PSR\/wp-json\/wp\/v2\/posts\/4171\/revisions"}],"predecessor-version":[{"id":4640,"href":"https:\/\/www.premiostrega.it\/PSR\/wp-json\/wp\/v2\/posts\/4171\/revisions\/4640"}],"wp:featuredmedia":[{"embeddable":true,"href":"https:\/\/www.premiostrega.it\/PSR\/wp-json\/wp\/v2\/media\/4174"}],"wp:attachment":[{"href":"https:\/\/www.premiostrega.it\/PSR\/wp-json\/wp\/v2\/media?parent=4171"}],"wp:term":[{"taxonomy":"category","embeddable":true,"href":"https:\/\/www.premiostrega.it\/PSR\/wp-json\/wp\/v2\/categories?post=4171"},{"taxonomy":"post_tag","embeddable":true,"href":"https:\/\/www.premiostrega.it\/PSR\/wp-json\/wp\/v2\/tags?post=4171"}],"curies":[{"name":"wp","href":"https:\/\/api.w.org\/{rel}","templated":true}]}}